{"id":4128,"date":"2018-02-06T16:52:22","date_gmt":"2018-02-06T22:52:22","guid":{"rendered":"https:\/\/www.cuponerapp.com\/guia\/?p=4128"},"modified":"2018-02-07T14:38:17","modified_gmt":"2018-02-07T20:38:17","slug":"es-febrero-y-la-feria-del-arte-llego-a-la-cdmx","status":"publish","type":"post","link":"https:\/\/www.cuponerapp.com\/mexiconoce\/2018\/02\/06\/es-febrero-y-la-feria-del-arte-llego-a-la-cdmx\/","title":{"rendered":"Es febrero y la feria del arte lleg\u00f3 a la CDMX"},"content":{"rendered":"<p style=\"text-align: center;\">La feria del arte es una celebraci\u00f3n que dura una semana y en ella se llevan a cabo\u00a0diferentes actividades de entre las que destacan visitas a salas de exposiciones, as\u00ed como museos y galer\u00edas donde los mejores artistas dan a conocer su trabajo, por lo que si tienen alguna colecci\u00f3n privada, es el momento para darse a conocer y as\u00ed sus seguidores estar\u00e1n actualizados\u00a0acerca de sus creaciones.<\/p>\n<p style=\"text-align: center;\">Estas son algunas de las exposiciones que estar\u00e1n en el evento \u00a1Si te gusta el arte no te vas a arrepentir!<\/p>\n<p style=\"text-align: center;\"><strong>Sal\u00f3n acme<\/strong><\/p>\n<p><img loading=\"lazy\" class=\"wp-image-4154 aligncenter\" src=\"https:\/\/www.cuponerapp.com\/guia\/wp-content\/uploads\/2018\/02\/salonacme.jpg\" alt=\"\" width=\"1070\" height=\"611\" srcset=\"https:\/\/www.cuponerapp.com\/mexiconoce\/wp-content\/uploads\/2018\/02\/salonacme.jpg 2067w, https:\/\/www.cuponerapp.com\/mexiconoce\/wp-content\/uploads\/2018\/02\/salonacme-300x171.jpg 300w, https:\/\/www.cuponerapp.com\/mexiconoce\/wp-content\/uploads\/2018\/02\/salonacme-768x439.jpg 768w, https:\/\/www.cuponerapp.com\/mexiconoce\/wp-content\/uploads\/2018\/02\/salonacme-1024x585.jpg 1024w\" sizes=\"(max-width: 1070px) 100vw, 1070px\" \/><\/p>\n<p style=\"text-align: center;\">Este a\u00f1o el invitado especial ser\u00e1 el artista Jos\u00e9 Esparza Chong Cuy, que en colaboraci\u00f3n\u00a0con el Consejo Curatorial realizaron la selecci\u00f3n de los mejores 50 artistas que se presentar\u00e1n en dicho sal\u00f3n exponiendo sus obras. Adem\u00e1s, en dicho evento se apreciar\u00e1 una nueva secci\u00f3n llamada &#8220;Una vida dom\u00e9stica&#8221;, la cual \u00fanicamente estar\u00e1 enfocada en los trabajos de los artistas nacionales e internacionales que apenas se est\u00e1n desenvolviendo en este incre\u00edble mundo.<\/p>\n<p style=\"text-align: center;\"><strong>\u00bfD\u00f3nde?<\/strong><\/p>\n<p style=\"text-align: center;\">General Prim 30, Ju\u00e1rez.<\/p>\n<p style=\"text-align: center;\"><strong>\u00bfCu\u00e1ndo?<\/strong><\/p>\n<p style=\"text-align: center;\">Del 8 al 11 de febrero.<\/p>\n<p style=\"text-align: center;\"><strong>Horario<\/strong><\/p>\n<p style=\"text-align: center;\">De 12:00 a 19:00.<\/p>\n<p style=\"text-align: center;\"><strong>\u00bfCu\u00e1nto?<\/strong><\/p>\n<p style=\"text-align: center;\">Entrada libre.<\/p>\n<p style=\"text-align: center;\"><strong>Zona Maco<\/strong><\/p>\n<p><img loading=\"lazy\" class=\"size-full wp-image-4155 aligncenter\" src=\"https:\/\/www.cuponerapp.com\/guia\/wp-content\/uploads\/2018\/02\/ZMaco-Territorio-Informativo.png\" alt=\"\" width=\"1070\" height=\"500\" srcset=\"https:\/\/www.cuponerapp.com\/mexiconoce\/wp-content\/uploads\/2018\/02\/ZMaco-Territorio-Informativo.png 1070w, https:\/\/www.cuponerapp.com\/mexiconoce\/wp-content\/uploads\/2018\/02\/ZMaco-Territorio-Informativo-300x140.png 300w, https:\/\/www.cuponerapp.com\/mexiconoce\/wp-content\/uploads\/2018\/02\/ZMaco-Territorio-Informativo-768x359.png 768w, https:\/\/www.cuponerapp.com\/mexiconoce\/wp-content\/uploads\/2018\/02\/ZMaco-Territorio-Informativo-1024x479.png 1024w\" sizes=\"(max-width: 1070px) 100vw, 1070px\" \/><\/p>\n<p style=\"text-align: center;\">\u00a1Este a\u00f1o Zona Maco est\u00e1 de fiesta! No hay mejor manera de celebrar sus 15 a\u00f1os en el \u00e1mbito del arte que con la participaci\u00f3n de m\u00e1s de 170 expositores de diferentes pa\u00edses provenientes de Europa, Asia y Am\u00e9rica.\u00a0Las piezas que estar\u00e1n expuestas\u00a0ser\u00e1n de\u00a0arte moderno y obras contempor\u00e1neas de artistas emergentes, entre otros.<\/p>\n<p style=\"text-align: center;\">Habr\u00e1 actividades paralelas como conferencias con ponentes internacionales y una secci\u00f3n para presentar y adquirir publicaciones de editoriales especializadas.<\/p>\n<p style=\"text-align: center;\"><strong>\u00bfD\u00f3nde?<\/strong><\/p>\n<p style=\"text-align: center;\">Centro Banamex. Conscripto 311, Lomas de Sotelo.<\/p>\n<p style=\"text-align: center;\"><strong>\u00bfCu\u00e1ndo?<\/strong><\/p>\n<p style=\"text-align: center;\">7 de febrero, de 16:00 a 21:00; del 8 al 10 de febrero, de 12:00 a 21:00; 11 de febrero, de 12:00 a 20:00.<\/p>\n<p style=\"text-align: center;\"><strong>\u00bfCu\u00e1nto?<\/strong><\/p>\n<p style=\"text-align: center;\">$275 general; $165 estudiantes.<\/p>\n<p style=\"text-align: center;\"><strong>Material Art Fair<\/strong><\/p>\n<p style=\"text-align: center;\"><img loading=\"lazy\" class=\"wp-image-4157 aligncenter\" src=\"https:\/\/www.cuponerapp.com\/guia\/wp-content\/uploads\/2018\/02\/Alexander-Levy-Dittrich-y-Schlechtriem1.jpg\" alt=\"\" width=\"1070\" height=\"577\" srcset=\"https:\/\/www.cuponerapp.com\/mexiconoce\/wp-content\/uploads\/2018\/02\/Alexander-Levy-Dittrich-y-Schlechtriem1.jpg 1200w, https:\/\/www.cuponerapp.com\/mexiconoce\/wp-content\/uploads\/2018\/02\/Alexander-Levy-Dittrich-y-Schlechtriem1-300x162.jpg 300w, https:\/\/www.cuponerapp.com\/mexiconoce\/wp-content\/uploads\/2018\/02\/Alexander-Levy-Dittrich-y-Schlechtriem1-768x414.jpg 768w, https:\/\/www.cuponerapp.com\/mexiconoce\/wp-content\/uploads\/2018\/02\/Alexander-Levy-Dittrich-y-Schlechtriem1-1024x552.jpg 1024w\" sizes=\"(max-width: 1070px) 100vw, 1070px\" \/><\/p>\n<p style=\"text-align: center;\">Material Art Fair tiene como finalidad que esta edici\u00f3n de la feria, sea una de las mejores semanas para poder apreciar el arte contempor\u00e1neo y as\u00ed promover una experiencia inolvidable para su p\u00fablico. Adem\u00e1s, busca\u00a0concientizar a su audiencia sobre\u00a0tener sentido com\u00fan y poder hacer algo por\u00a0el pa\u00eds desde la trinchera del arte. Esta quinta edici\u00f3n de Material Art Fair ser\u00e1 en Front\u00f3n M\u00e9xico, lugar deportivo donde participar\u00e1n\u00a075 galer\u00edas\u00a0mexicanas e internacionales.<\/p>\n<p style=\"text-align: center;\"><b>\u00bfD\u00f3nde?<\/b><\/p>\n<p style=\"text-align: center;\">Front\u00f3n M\u00e9xico. Plaza de la Rep\u00fablica 17, Tabacalera.<\/p>\n<p style=\"text-align: center;\"><b>\u00bfCu\u00e1ndo?<\/b><\/p>\n<p style=\"text-align: center;\">Del 8 al 11 de febrero.<\/p>\n<p style=\"text-align: center;\"><strong>Horario<\/strong><\/p>\n<p style=\"text-align: center;\">De 12:00 a 21:00 hrs.<\/p>\n<p style=\"text-align: center;\"><b>\u00bfCu\u00e1nto?<\/b><\/p>\n<p style=\"text-align: center;\">$150 general. $75 estudiantes, docentes y adultos mayores con credencial.<\/p>\n","protected":false},"excerpt":{"rendered":"<p>La feria del arte es una celebraci\u00f3n que dura una semana y en ella se llevan a cabo\u00a0diferentes actividades de entre las que destacan visitas a salas de exposiciones, as\u00ed como museos y galer\u00edas donde los mejores artistas dan a conocer su trabajo, por lo que si tienen alguna colecci\u00f3n privada, es el momento para&hellip;<\/p>\n","protected":false},"author":9,"featured_media":4239,"comment_status":"open","ping_status":"open","sticky":false,"template":"","format":"standard","meta":[],"categories":[39],"tags":[252,1431,385,428,459,3771,3787,3788,3825,3791,458,1025,623,3790,3789,3792],"yoast_head":"<!-- This site is optimized with the Yoast SEO plugin v19.6.1 - https:\/\/yoast.com\/wordpress\/plugins\/seo\/ -->\n<title>Es febrero y la feria del arte lleg\u00f3 a la CDMX - Mexiconoce<\/title>\n<meta name=\"robots\" content=\"index, follow, max-snippet:-1, max-image-preview:large, max-video-preview:-1\" \/>\n<link rel=\"canonical\" href=\"https:\/\/www.cuponerapp.com\/mexiconoce\/2018\/02\/06\/es-febrero-y-la-feria-del-arte-llego-a-la-cdmx\/\" \/>\n<meta property=\"og:locale\" content=\"es_MX\" \/>\n<meta property=\"og:type\" content=\"article\" \/>\n<meta property=\"og:title\" content=\"Es febrero y la feria del arte lleg\u00f3 a la CDMX - Mexiconoce\" \/>\n<meta property=\"og:description\" content=\"La feria del arte es una celebraci\u00f3n que dura una semana y en ella se llevan a cabo\u00a0diferentes actividades de entre las que destacan visitas a salas de exposiciones, as\u00ed como museos y galer\u00edas donde los mejores artistas dan a conocer su trabajo, por lo que si tienen alguna colecci\u00f3n privada, es el momento para&hellip;\" \/>\n<meta property=\"og:url\" content=\"https:\/\/www.cuponerapp.com\/mexiconoce\/2018\/02\/06\/es-febrero-y-la-feria-del-arte-llego-a-la-cdmx\/\" \/>\n<meta property=\"og:site_name\" content=\"Mexiconoce\" \/>\n<meta property=\"article:published_time\" content=\"2018-02-06T22:52:22+00:00\" \/>\n<meta property=\"article:modified_time\" content=\"2018-02-07T20:38:17+00:00\" \/>\n<meta property=\"og:image\" content=\"https:\/\/i0.wp.com\/www.cuponerapp.com\/mexiconoce\/wp-content\/uploads\/2018\/02\/como-limpar-pinceis-com-tinta.jpg?fit=768%2C402&ssl=1\" \/>\n\t<meta property=\"og:image:width\" content=\"768\" \/>\n\t<meta property=\"og:image:height\" content=\"402\" \/>\n\t<meta property=\"og:image:type\" content=\"image\/jpeg\" \/>\n<meta name=\"author\" content=\"Cuponerapp\" \/>\n<meta name=\"twitter:card\" content=\"summary_large_image\" \/>\n<meta name=\"twitter:label1\" content=\"Written by\" \/>\n\t<meta name=\"twitter:data1\" content=\"Cuponerapp\" \/>\n\t<meta name=\"twitter:label2\" content=\"Est. reading time\" \/>\n\t<meta name=\"twitter:data2\" content=\"2 minutos\" \/>\n<script type=\"application\/ld+json\" class=\"yoast-schema-graph\">{\"@context\":\"https:\/\/schema.org\",\"@graph\":[{\"@type\":\"Article\",\"@id\":\"https:\/\/www.cuponerapp.com\/mexiconoce\/2018\/02\/06\/es-febrero-y-la-feria-del-arte-llego-a-la-cdmx\/#article\",\"isPartOf\":{\"@id\":\"https:\/\/www.cuponerapp.com\/mexiconoce\/2018\/02\/06\/es-febrero-y-la-feria-del-arte-llego-a-la-cdmx\/\"},\"author\":{\"name\":\"Cuponerapp\",\"@id\":\"https:\/\/www.cuponerapp.com\/mexiconoce\/#\/schema\/person\/dba7369b8cd0484b22dd4f1153c8df82\"},\"headline\":\"Es febrero y la feria del arte lleg\u00f3 a la CDMX\",\"datePublished\":\"2018-02-06T22:52:22+00:00\",\"dateModified\":\"2018-02-07T20:38:17+00:00\",\"mainEntityOfPage\":{\"@id\":\"https:\/\/www.cuponerapp.com\/mexiconoce\/2018\/02\/06\/es-febrero-y-la-feria-del-arte-llego-a-la-cdmx\/\"},\"wordCount\":442,\"commentCount\":0,\"publisher\":{\"@id\":\"https:\/\/www.cuponerapp.com\/mexiconoce\/#organization\"},\"keywords\":[\"arte\",\"artistas\",\"CDMX\",\"exposici\u00f3n\",\"exposiciones\",\"febrero\",\"galer\u00edas\",\"internacionales\",\"Jos\u00e9 Esparza Chong Cuy\",\"material art fair\",\"museos\",\"naciones\",\"obras\",\"sal\u00f3n acme\",\"Semana del Arte\",\"zona maco\"],\"articleSection\":[\"Entretenimiento\"],\"inLanguage\":\"es-MX\",\"potentialAction\":[{\"@type\":\"CommentAction\",\"name\":\"Comment\",\"target\":[\"https:\/\/www.cuponerapp.com\/mexiconoce\/2018\/02\/06\/es-febrero-y-la-feria-del-arte-llego-a-la-cdmx\/#respond\"]}]},{\"@type\":\"WebPage\",\"@id\":\"https:\/\/www.cuponerapp.com\/mexiconoce\/2018\/02\/06\/es-febrero-y-la-feria-del-arte-llego-a-la-cdmx\/\",\"url\":\"https:\/\/www.cuponerapp.com\/mexiconoce\/2018\/02\/06\/es-febrero-y-la-feria-del-arte-llego-a-la-cdmx\/\",\"name\":\"Es febrero y la feria del arte lleg\u00f3 a la CDMX - Mexiconoce\",\"isPartOf\":{\"@id\":\"https:\/\/www.cuponerapp.com\/mexiconoce\/#website\"},\"datePublished\":\"2018-02-06T22:52:22+00:00\",\"dateModified\":\"2018-02-07T20:38:17+00:00\",\"breadcrumb\":{\"@id\":\"https:\/\/www.cuponerapp.com\/mexiconoce\/2018\/02\/06\/es-febrero-y-la-feria-del-arte-llego-a-la-cdmx\/#breadcrumb\"},\"inLanguage\":\"es-MX\",\"potentialAction\":[{\"@type\":\"ReadAction\",\"target\":[\"https:\/\/www.cuponerapp.com\/mexiconoce\/2018\/02\/06\/es-febrero-y-la-feria-del-arte-llego-a-la-cdmx\/\"]}]},{\"@type\":\"BreadcrumbList\",\"@id\":\"https:\/\/www.cuponerapp.com\/mexiconoce\/2018\/02\/06\/es-febrero-y-la-feria-del-arte-llego-a-la-cdmx\/#breadcrumb\",\"itemListElement\":[{\"@type\":\"ListItem\",\"position\":1,\"name\":\"Home\",\"item\":\"https:\/\/www.cuponerapp.com\/mexiconoce\/\"},{\"@type\":\"ListItem\",\"position\":2,\"name\":\"Es febrero y la feria del arte lleg\u00f3 a la CDMX\"}]},{\"@type\":\"WebSite\",\"@id\":\"https:\/\/www.cuponerapp.com\/mexiconoce\/#website\",\"url\":\"https:\/\/www.cuponerapp.com\/mexiconoce\/\",\"name\":\"Mexiconoce\",\"description\":\"Este es un subtitulo\",\"publisher\":{\"@id\":\"https:\/\/www.cuponerapp.com\/mexiconoce\/#organization\"},\"potentialAction\":[{\"@type\":\"SearchAction\",\"target\":{\"@type\":\"EntryPoint\",\"urlTemplate\":\"https:\/\/www.cuponerapp.com\/mexiconoce\/?s={search_term_string}\"},\"query-input\":\"required name=search_term_string\"}],\"inLanguage\":\"es-MX\"},{\"@type\":\"Organization\",\"@id\":\"https:\/\/www.cuponerapp.com\/mexiconoce\/#organization\",\"name\":\"Mexiconoce\",\"url\":\"https:\/\/www.cuponerapp.com\/mexiconoce\/\",\"sameAs\":[],\"logo\":{\"@type\":\"ImageObject\",\"inLanguage\":\"es-MX\",\"@id\":\"https:\/\/www.cuponerapp.com\/mexiconoce\/#\/schema\/logo\/image\/\",\"url\":\"https:\/\/www.cuponerapp.com\/mexiconoce\/wp-content\/uploads\/2018\/08\/WhatsApp-Image-2018-08-03-at-5.18.20-PM.jpeg\",\"contentUrl\":\"https:\/\/www.cuponerapp.com\/mexiconoce\/wp-content\/uploads\/2018\/08\/WhatsApp-Image-2018-08-03-at-5.18.20-PM.jpeg\",\"width\":572,\"height\":172,\"caption\":\"Mexiconoce\"},\"image\":{\"@id\":\"https:\/\/www.cuponerapp.com\/mexiconoce\/#\/schema\/logo\/image\/\"}},{\"@type\":\"Person\",\"@id\":\"https:\/\/www.cuponerapp.com\/mexiconoce\/#\/schema\/person\/dba7369b8cd0484b22dd4f1153c8df82\",\"name\":\"Cuponerapp\",\"image\":{\"@type\":\"ImageObject\",\"inLanguage\":\"es-MX\",\"@id\":\"https:\/\/www.cuponerapp.com\/mexiconoce\/#\/schema\/person\/image\/\",\"url\":\"https:\/\/secure.gravatar.com\/avatar\/5a5e665ca9dd995abb9f0cc19d19ac74?s=96&d=mm&r=g\",\"contentUrl\":\"https:\/\/secure.gravatar.com\/avatar\/5a5e665ca9dd995abb9f0cc19d19ac74?s=96&d=mm&r=g\",\"caption\":\"Cuponerapp\"},\"url\":\"https:\/\/www.cuponerapp.com\/mexiconoce\/author\/samanthasl\/\"}]}<\/script>\n<!-- \/ Yoast SEO plugin. -->","yoast_head_json":{"title":"Es febrero y la feria del arte lleg\u00f3 a la CDMX - Mexiconoce","robots":{"index":"index","follow":"follow","max-snippet":"max-snippet:-1","max-image-preview":"max-image-preview:large","max-video-preview":"max-video-preview:-1"},"canonical":"https:\/\/www.cuponerapp.com\/mexiconoce\/2018\/02\/06\/es-febrero-y-la-feria-del-arte-llego-a-la-cdmx\/","og_locale":"es_MX","og_type":"article","og_title":"Es febrero y la feria del arte lleg\u00f3 a la CDMX - Mexiconoce","og_description":"La feria del arte es una celebraci\u00f3n que dura una semana y en ella se llevan a cabo\u00a0diferentes actividades de entre las que destacan visitas a salas de exposiciones, as\u00ed como museos y galer\u00edas donde los mejores artistas dan a conocer su trabajo, por lo que si tienen alguna colecci\u00f3n privada, es el momento para&hellip;","og_url":"https:\/\/www.cuponerapp.com\/mexiconoce\/2018\/02\/06\/es-febrero-y-la-feria-del-arte-llego-a-la-cdmx\/","og_site_name":"Mexiconoce","article_published_time":"2018-02-06T22:52:22+00:00","article_modified_time":"2018-02-07T20:38:17+00:00","og_image":[{"width":768,"height":402,"url":"https:\/\/i0.wp.com\/www.cuponerapp.com\/mexiconoce\/wp-content\/uploads\/2018\/02\/como-limpar-pinceis-com-tinta.jpg?fit=768%2C402&ssl=1","type":"image\/jpeg"}],"author":"Cuponerapp","twitter_card":"summary_large_image","twitter_misc":{"Written by":"Cuponerapp","Est. reading time":"2 minutos"},"schema":{"@context":"https:\/\/schema.org","@graph":[{"@type":"Article","@id":"https:\/\/www.cuponerapp.com\/mexiconoce\/2018\/02\/06\/es-febrero-y-la-feria-del-arte-llego-a-la-cdmx\/#article","isPartOf":{"@id":"https:\/\/www.cuponerapp.com\/mexiconoce\/2018\/02\/06\/es-febrero-y-la-feria-del-arte-llego-a-la-cdmx\/"},"author":{"name":"Cuponerapp","@id":"https:\/\/www.cuponerapp.com\/mexiconoce\/#\/schema\/person\/dba7369b8cd0484b22dd4f1153c8df82"},"headline":"Es febrero y la feria del arte lleg\u00f3 a la CDMX","datePublished":"2018-02-06T22:52:22+00:00","dateModified":"2018-02-07T20:38:17+00:00","mainEntityOfPage":{"@id":"https:\/\/www.cuponerapp.com\/mexiconoce\/2018\/02\/06\/es-febrero-y-la-feria-del-arte-llego-a-la-cdmx\/"},"wordCount":442,"commentCount":0,"publisher":{"@id":"https:\/\/www.cuponerapp.com\/mexiconoce\/#organization"},"keywords":["arte","artistas","CDMX","exposici\u00f3n","exposiciones","febrero","galer\u00edas","internacionales","Jos\u00e9 Esparza Chong Cuy","material art fair","museos","naciones","obras","sal\u00f3n acme","Semana del Arte","zona maco"],"articleSection":["Entretenimiento"],"inLanguage":"es-MX","potentialAction":[{"@type":"CommentAction","name":"Comment","target":["https:\/\/www.cuponerapp.com\/mexiconoce\/2018\/02\/06\/es-febrero-y-la-feria-del-arte-llego-a-la-cdmx\/#respond"]}]},{"@type":"WebPage","@id":"https:\/\/www.cuponerapp.com\/mexiconoce\/2018\/02\/06\/es-febrero-y-la-feria-del-arte-llego-a-la-cdmx\/","url":"https:\/\/www.cuponerapp.com\/mexiconoce\/2018\/02\/06\/es-febrero-y-la-feria-del-arte-llego-a-la-cdmx\/","name":"Es febrero y la feria del arte lleg\u00f3 a la CDMX - Mexiconoce","isPartOf":{"@id":"https:\/\/www.cuponerapp.com\/mexiconoce\/#website"},"datePublished":"2018-02-06T22:52:22+00:00","dateModified":"2018-02-07T20:38:17+00:00","breadcrumb":{"@id":"https:\/\/www.cuponerapp.com\/mexiconoce\/2018\/02\/06\/es-febrero-y-la-feria-del-arte-llego-a-la-cdmx\/#breadcrumb"},"inLanguage":"es-MX","potentialAction":[{"@type":"ReadAction","target":["https:\/\/www.cuponerapp.com\/mexiconoce\/2018\/02\/06\/es-febrero-y-la-feria-del-arte-llego-a-la-cdmx\/"]}]},{"@type":"BreadcrumbList","@id":"https:\/\/www.cuponerapp.com\/mexiconoce\/2018\/02\/06\/es-febrero-y-la-feria-del-arte-llego-a-la-cdmx\/#breadcrumb","itemListElement":[{"@type":"ListItem","position":1,"name":"Home","item":"https:\/\/www.cuponerapp.com\/mexiconoce\/"},{"@type":"ListItem","position":2,"name":"Es febrero y la feria del arte lleg\u00f3 a la CDMX"}]},{"@type":"WebSite","@id":"https:\/\/www.cuponerapp.com\/mexiconoce\/#website","url":"https:\/\/www.cuponerapp.com\/mexiconoce\/","name":"Mexiconoce","description":"Este es un subtitulo","publisher":{"@id":"https:\/\/www.cuponerapp.com\/mexiconoce\/#organization"},"potentialAction":[{"@type":"SearchAction","target":{"@type":"EntryPoint","urlTemplate":"https:\/\/www.cuponerapp.com\/mexiconoce\/?s={search_term_string}"},"query-input":"required name=search_term_string"}],"inLanguage":"es-MX"},{"@type":"Organization","@id":"https:\/\/www.cuponerapp.com\/mexiconoce\/#organization","name":"Mexiconoce","url":"https:\/\/www.cuponerapp.com\/mexiconoce\/","sameAs":[],"logo":{"@type":"ImageObject","inLanguage":"es-MX","@id":"https:\/\/www.cuponerapp.com\/mexiconoce\/#\/schema\/logo\/image\/","url":"https:\/\/www.cuponerapp.com\/mexiconoce\/wp-content\/uploads\/2018\/08\/WhatsApp-Image-2018-08-03-at-5.18.20-PM.jpeg","contentUrl":"https:\/\/www.cuponerapp.com\/mexiconoce\/wp-content\/uploads\/2018\/08\/WhatsApp-Image-2018-08-03-at-5.18.20-PM.jpeg","width":572,"height":172,"caption":"Mexiconoce"},"image":{"@id":"https:\/\/www.cuponerapp.com\/mexiconoce\/#\/schema\/logo\/image\/"}},{"@type":"Person","@id":"https:\/\/www.cuponerapp.com\/mexiconoce\/#\/schema\/person\/dba7369b8cd0484b22dd4f1153c8df82","name":"Cuponerapp","image":{"@type":"ImageObject","inLanguage":"es-MX","@id":"https:\/\/www.cuponerapp.com\/mexiconoce\/#\/schema\/person\/image\/","url":"https:\/\/secure.gravatar.com\/avatar\/5a5e665ca9dd995abb9f0cc19d19ac74?s=96&d=mm&r=g","contentUrl":"https:\/\/secure.gravatar.com\/avatar\/5a5e665ca9dd995abb9f0cc19d19ac74?s=96&d=mm&r=g","caption":"Cuponerapp"},"url":"https:\/\/www.cuponerapp.com\/mexiconoce\/author\/samanthasl\/"}]}},"_links":{"self":[{"href":"https:\/\/www.cuponerapp.com\/mexiconoce\/wp-json\/wp\/v2\/posts\/4128"}],"collection":[{"href":"https:\/\/www.cuponerapp.com\/mexiconoce\/wp-json\/wp\/v2\/posts"}],"about":[{"href":"https:\/\/www.cuponerapp.com\/mexiconoce\/wp-json\/wp\/v2\/types\/post"}],"author":[{"embeddable":true,"href":"https:\/\/www.cuponerapp.com\/mexiconoce\/wp-json\/wp\/v2\/users\/9"}],"replies":[{"embeddable":true,"href":"https:\/\/www.cuponerapp.com\/mexiconoce\/wp-json\/wp\/v2\/comments?post=4128"}],"version-history":[{"count":10,"href":"https:\/\/www.cuponerapp.com\/mexiconoce\/wp-json\/wp\/v2\/posts\/4128\/revisions"}],"predecessor-version":[{"id":4259,"href":"https:\/\/www.cuponerapp.com\/mexiconoce\/wp-json\/wp\/v2\/posts\/4128\/revisions\/4259"}],"wp:featuredmedia":[{"embeddable":true,"href":"https:\/\/www.cuponerapp.com\/mexiconoce\/wp-json\/wp\/v2\/media\/4239"}],"wp:attachment":[{"href":"https:\/\/www.cuponerapp.com\/mexiconoce\/wp-json\/wp\/v2\/media?parent=4128"}],"wp:term":[{"taxonomy":"category","embeddable":true,"href":"https:\/\/www.cuponerapp.com\/mexiconoce\/wp-json\/wp\/v2\/categories?post=4128"},{"taxonomy":"post_tag","embeddable":true,"href":"https:\/\/www.cuponerapp.com\/mexiconoce\/wp-json\/wp\/v2\/tags?post=4128"}],"curies":[{"name":"wp","href":"https:\/\/api.w.org\/{rel}","templated":true}]}}